{"id":1704,"date":"2025-11-24T15:16:27","date_gmt":"2025-11-24T14:16:27","guid":{"rendered":"https:\/\/canistella.fr\/?p=1704"},"modified":"2025-11-24T15:20:07","modified_gmt":"2025-11-24T14:20:07","slug":"1704","status":"publish","type":"post","link":"https:\/\/canistella.fr\/index.php\/2025\/11\/24\/1704\/","title":{"rendered":"Ateliers sur le langage canin et le langage f\u00e9lin"},"content":{"rendered":"\n[et_pb_section fb_built=\u00a0\u00bb1&Prime; _builder_version=\u00a0\u00bb4.17.3&Prime; _module_preset=\u00a0\u00bbdefault\u00a0\u00bb background_color=\u00a0\u00bb#005DA9&Prime; background_enable_image=\u00a0\u00bboff\u00a0\u00bb global_colors_info=\u00a0\u00bb{}\u00a0\u00bb theme_builder_area=\u00a0\u00bbpost_content\u00a0\u00bb][et_pb_row column_structure=\u00a0\u00bb1_3,1_3,1_3&Prime; _builder_version=\u00a0\u00bb4.17.3&Prime; _module_preset=\u00a0\u00bbdefault\u00a0\u00bb global_colors_info=\u00a0\u00bb{}\u00a0\u00bb theme_builder_area=\u00a0\u00bbpost_content\u00a0\u00bb][et_pb_column type=\u00a0\u00bb1_3&Prime; _builder_version=\u00a0\u00bb4.17.3&Prime; _module_preset=\u00a0\u00bbdefault\u00a0\u00bb global_colors_info=\u00a0\u00bb{}\u00a0\u00bb theme_builder_area=\u00a0\u00bbpost_content\u00a0\u00bb][et_pb_gallery gallery_ids=\u00a0\u00bb1708,1709,1710&Prime; show_title_and_caption=\u00a0\u00bboff\u00a0\u00bb _builder_version=\u00a0\u00bb4.17.3&Prime; _module_preset=\u00a0\u00bbdefault\u00a0\u00bb animation_style=\u00a0\u00bbfade\u00a0\u00bb hover_enabled=\u00a0\u00bb0&Prime; global_colors_info=\u00a0\u00bb{}\u00a0\u00bb theme_builder_area=\u00a0\u00bbpost_content\u00a0\u00bb sticky_enabled=\u00a0\u00bb0&Prime;][\/et_pb_gallery][\/et_pb_column][et_pb_column type=\u00a0\u00bb1_3&Prime; _builder_version=\u00a0\u00bb4.17.3&Prime; _module_preset=\u00a0\u00bbdefault\u00a0\u00bb global_colors_info=\u00a0\u00bb{}\u00a0\u00bb theme_builder_area=\u00a0\u00bbpost_content\u00a0\u00bb][et_pb_text _builder_version=\u00a0\u00bb4.17.3&Prime; _module_preset=\u00a0\u00bbdefault\u00a0\u00bb text_text_color=\u00a0\u00bb#FFFFFF\u00a0\u00bb text_font_size=\u00a0\u00bb14px\u00a0\u00bb text_line_height=\u00a0\u00bb1.5em\u00a0\u00bb width=\u00a0\u00bb100%\u00a0\u00bb custom_padding=\u00a0\u00bb||1px|||\u00a0\u00bb hover_enabled=\u00a0\u00bb0&Prime; global_colors_info=\u00a0\u00bb{}\u00a0\u00bb theme_builder_area=\u00a0\u00bbpost_content\u00a0\u00bb sticky_enabled=\u00a0\u00bb0&Prime;]<div dir=\"auto\">\u200b\ud83d\ude80 Mission accomplie !<\/div>\n<div dir=\"auto\"><span>Fin des ateliers \u00ab\u00a0A l&rsquo;\u00e9coute de mon animal\u00a0\u00bb du 10 et 24 septembre 2025.<\/span><\/div>\n<div dir=\"auto\"><span><br \/><\/span><span>\u200b\u2728 Merci \u00e0 la Conciergerie Solidaire d\u2019Arcachon de m&rsquo;avoir invit\u00e9e \u00e0 animer les ateliers sur le langage des chiens puis sur le langage des chats. <span class=\"pq6dq46d tbxw36s4 knj5qynh kvgmc6g5 ditlmg2l oygrvhab nvdbi5me sf5mxxl7 gl3lb2sf hhz5lgdu\"><img loading=\"lazy\" decoding=\"async\" height=\"16\" width=\"16\" alt=\"\ud83d\udc36\" referrerpolicy=\"origin-when-cross-origin\" src=\"https:\/\/static.xx.fbcdn.net\/images\/emoji.php\/v9\/t2f\/1\/16\/1f436.png\" \/><\/span><span class=\"pq6dq46d tbxw36s4 knj5qynh kvgmc6g5 ditlmg2l oygrvhab nvdbi5me sf5mxxl7 gl3lb2sf hhz5lgdu\"><img loading=\"lazy\" decoding=\"async\" height=\"16\" width=\"16\" alt=\"\ud83d\udc31\" referrerpolicy=\"origin-when-cross-origin\" src=\"https:\/\/static.xx.fbcdn.net\/images\/emoji.php\/v9\/taa\/1\/16\/1f431.png\" \/><\/span><\/span><\/div>\n<div dir=\"auto\"><span><br \/><\/span><span>\ud83d\ude0d Merci aux participants, attentifs et indulgents, d&rsquo;avoir rendu positive cette premi\u00e8re exp\u00e9rience. Les questions pertinentes et les \u00e9changes ont bonifi\u00e9 et dynamis\u00e9 le programme.<\/span><span class=\"white-space-pre\"> <\/span><\/div>[\/et_pb_text][\/et_pb_column][et_pb_column type=\u00a0\u00bb1_3&Prime; _builder_version=\u00a0\u00bb4.17.3&Prime; _module_preset=\u00a0\u00bbdefault\u00a0\u00bb global_colors_info=\u00a0\u00bb{}\u00a0\u00bb theme_builder_area=\u00a0\u00bbpost_content\u00a0\u00bb][et_pb_text _builder_version=\u00a0\u00bb4.17.3&Prime; _module_preset=\u00a0\u00bbdefault\u00a0\u00bb text_text_color=\u00a0\u00bb#FFFFFF\u00a0\u00bb text_font_size=\u00a0\u00bb20px\u00a0\u00bb hover_enabled=\u00a0\u00bb0&Prime; global_colors_info=\u00a0\u00bb{}\u00a0\u00bb theme_builder_area=\u00a0\u00bbpost_content\u00a0\u00bb sticky_enabled=\u00a0\u00bb0&Prime;]<p>Estelle AUBRY (Canistella) au MAAT Arcachon en septembre 2025 pour aider les maitres de chats et de chiens \u00e0 mieux comprendre leur animal.<\/p>[\/et_pb_text][et_pb_text _builder_version=\u00a0\u00bb4.17.3&Prime; _module_preset=\u00a0\u00bbdefault\u00a0\u00bb text_text_color=\u00a0\u00bb#FFFFFF\u00a0\u00bb text_font_size=\u00a0\u00bb31px\u00a0\u00bb global_colors_info=\u00a0\u00bb{}\u00a0\u00bb theme_builder_area=\u00a0\u00bbpost_content\u00a0\u00bb]<p>AGISSONS ENSEMBLE DANS L&rsquo;INTERET DE VOTRE ANIMAL !<\/p>[\/et_pb_text][\/et_pb_column][\/et_pb_row][\/et_pb_section]\n","protected":false},"excerpt":{"rendered":"<p>\u200b\ud83d\ude80 Mission accomplie ! Fin des ateliers \u00ab\u00a0A l&rsquo;\u00e9coute de mon animal\u00a0\u00bb du 10 et 24 septembre 2025. \u200b\u2728 Merci \u00e0 la Conciergerie Solidaire d\u2019Arcachon de m&rsquo;avoir invit\u00e9e \u00e0 animer les ateliers sur le langage des chiens puis sur le langage des chats. \ud83d\ude0d Merci aux participants, attentifs et indulgents, d&rsquo;avoir rendu positive cette premi\u00e8re [&hellip;]<\/p>\n","protected":false},"author":1,"featured_media":0,"comment_status":"closed","ping_status":"open","sticky":false,"template":"","format":"standard","meta":{"_et_pb_use_builder":"on","_et_pb_old_content":"","_et_gb_content_width":"","footnotes":""},"categories":[1],"tags":[],"class_list":["post-1704","post","type-post","status-publish","format-standard","hentry","category-non-classe"],"yoast_head":"<!-- This site is optimized with the Yoast SEO plugin v27.5 - https:\/\/yoast.com\/product\/yoast-seo-wordpress\/ -->\n<title>Ateliers sur le langage canin et le langage f\u00e9lin - Canistella<\/title>\n<meta name=\"robots\" content=\"index, follow, max-snippet:-1, max-image-preview:large, max-video-preview:-1\" \/>\n<link rel=\"canonical\" href=\"https:\/\/canistella.fr\/index.php\/2025\/11\/24\/1704\/\" \/>\n<meta property=\"og:locale\" content=\"fr_FR\" \/>\n<meta property=\"og:type\" content=\"article\" \/>\n<meta property=\"og:title\" content=\"Ateliers sur le langage canin et le langage f\u00e9lin - Canistella\" \/>\n<meta property=\"og:description\" content=\"\u200b\ud83d\ude80 Mission accomplie ! Fin des ateliers &quot;A l&#039;\u00e9coute de mon animal&quot; du 10 et 24 septembre 2025. \u200b\u2728 Merci \u00e0 la Conciergerie Solidaire d\u2019Arcachon de m&#039;avoir invit\u00e9e \u00e0 animer les ateliers sur le langage des chiens puis sur le langage des chats. \ud83d\ude0d Merci aux participants, attentifs et indulgents, d&#039;avoir rendu positive cette premi\u00e8re [&hellip;]\" \/>\n<meta property=\"og:url\" content=\"https:\/\/canistella.fr\/index.php\/2025\/11\/24\/1704\/\" \/>\n<meta property=\"og:site_name\" content=\"Canistella\" \/>\n<meta property=\"article:author\" content=\"https:\/\/www.facebook.com\/Canistella\" \/>\n<meta property=\"article:published_time\" content=\"2025-11-24T14:16:27+00:00\" \/>\n<meta property=\"article:modified_time\" content=\"2025-11-24T14:20:07+00:00\" \/>\n<meta property=\"og:image\" content=\"https:\/\/static.xx.fbcdn.net\/images\/emoji.php\/v9\/t2f\/1\/16\/1f436.png\" \/>\n<meta name=\"author\" content=\"Canistella\" \/>\n<meta name=\"twitter:card\" content=\"summary_large_image\" \/>\n<meta name=\"twitter:label1\" content=\"\u00c9crit par\" \/>\n\t<meta name=\"twitter:data1\" content=\"Canistella\" \/>\n\t<meta name=\"twitter:label2\" content=\"Dur\u00e9e de lecture estim\u00e9e\" \/>\n\t<meta name=\"twitter:data2\" content=\"2 minutes\" \/>\n<script type=\"application\/ld+json\" class=\"yoast-schema-graph\">{\"@context\":\"https:\\\/\\\/schema.org\",\"@graph\":[{\"@type\":\"Article\",\"@id\":\"https:\\\/\\\/canistella.fr\\\/index.php\\\/2025\\\/11\\\/24\\\/1704\\\/#article\",\"isPartOf\":{\"@id\":\"https:\\\/\\\/canistella.fr\\\/index.php\\\/2025\\\/11\\\/24\\\/1704\\\/\"},\"author\":{\"name\":\"Canistella\",\"@id\":\"https:\\\/\\\/canistella.fr\\\/#\\\/schema\\\/person\\\/cc8fe1d0d72dd08a99a8830919781731\"},\"headline\":\"Ateliers sur le langage canin et le langage f\u00e9lin\",\"datePublished\":\"2025-11-24T14:16:27+00:00\",\"dateModified\":\"2025-11-24T14:20:07+00:00\",\"mainEntityOfPage\":{\"@id\":\"https:\\\/\\\/canistella.fr\\\/index.php\\\/2025\\\/11\\\/24\\\/1704\\\/\"},\"wordCount\":341,\"image\":{\"@id\":\"https:\\\/\\\/canistella.fr\\\/index.php\\\/2025\\\/11\\\/24\\\/1704\\\/#primaryimage\"},\"thumbnailUrl\":\"https:\\\/\\\/static.xx.fbcdn.net\\\/images\\\/emoji.php\\\/v9\\\/t2f\\\/1\\\/16\\\/1f436.png\",\"inLanguage\":\"fr-FR\"},{\"@type\":\"WebPage\",\"@id\":\"https:\\\/\\\/canistella.fr\\\/index.php\\\/2025\\\/11\\\/24\\\/1704\\\/\",\"url\":\"https:\\\/\\\/canistella.fr\\\/index.php\\\/2025\\\/11\\\/24\\\/1704\\\/\",\"name\":\"Ateliers sur le langage canin et le langage f\u00e9lin - Canistella\",\"isPartOf\":{\"@id\":\"https:\\\/\\\/canistella.fr\\\/#website\"},\"primaryImageOfPage\":{\"@id\":\"https:\\\/\\\/canistella.fr\\\/index.php\\\/2025\\\/11\\\/24\\\/1704\\\/#primaryimage\"},\"image\":{\"@id\":\"https:\\\/\\\/canistella.fr\\\/index.php\\\/2025\\\/11\\\/24\\\/1704\\\/#primaryimage\"},\"thumbnailUrl\":\"https:\\\/\\\/static.xx.fbcdn.net\\\/images\\\/emoji.php\\\/v9\\\/t2f\\\/1\\\/16\\\/1f436.png\",\"datePublished\":\"2025-11-24T14:16:27+00:00\",\"dateModified\":\"2025-11-24T14:20:07+00:00\",\"author\":{\"@id\":\"https:\\\/\\\/canistella.fr\\\/#\\\/schema\\\/person\\\/cc8fe1d0d72dd08a99a8830919781731\"},\"breadcrumb\":{\"@id\":\"https:\\\/\\\/canistella.fr\\\/index.php\\\/2025\\\/11\\\/24\\\/1704\\\/#breadcrumb\"},\"inLanguage\":\"fr-FR\",\"potentialAction\":[{\"@type\":\"ReadAction\",\"target\":[\"https:\\\/\\\/canistella.fr\\\/index.php\\\/2025\\\/11\\\/24\\\/1704\\\/\"]}]},{\"@type\":\"ImageObject\",\"inLanguage\":\"fr-FR\",\"@id\":\"https:\\\/\\\/canistella.fr\\\/index.php\\\/2025\\\/11\\\/24\\\/1704\\\/#primaryimage\",\"url\":\"https:\\\/\\\/static.xx.fbcdn.net\\\/images\\\/emoji.php\\\/v9\\\/t2f\\\/1\\\/16\\\/1f436.png\",\"contentUrl\":\"https:\\\/\\\/static.xx.fbcdn.net\\\/images\\\/emoji.php\\\/v9\\\/t2f\\\/1\\\/16\\\/1f436.png\"},{\"@type\":\"BreadcrumbList\",\"@id\":\"https:\\\/\\\/canistella.fr\\\/index.php\\\/2025\\\/11\\\/24\\\/1704\\\/#breadcrumb\",\"itemListElement\":[{\"@type\":\"ListItem\",\"position\":1,\"name\":\"Accueil\",\"item\":\"https:\\\/\\\/canistella.fr\\\/\"},{\"@type\":\"ListItem\",\"position\":2,\"name\":\"Ateliers sur le langage canin et le langage f\u00e9lin\"}]},{\"@type\":\"WebSite\",\"@id\":\"https:\\\/\\\/canistella.fr\\\/#website\",\"url\":\"https:\\\/\\\/canistella.fr\\\/\",\"name\":\"Canistella\",\"description\":\"Comportementaliste Canin et F\u00e9lin\",\"potentialAction\":[{\"@type\":\"SearchAction\",\"target\":{\"@type\":\"EntryPoint\",\"urlTemplate\":\"https:\\\/\\\/canistella.fr\\\/?s={search_term_string}\"},\"query-input\":{\"@type\":\"PropertyValueSpecification\",\"valueRequired\":true,\"valueName\":\"search_term_string\"}}],\"inLanguage\":\"fr-FR\"},{\"@type\":\"Person\",\"@id\":\"https:\\\/\\\/canistella.fr\\\/#\\\/schema\\\/person\\\/cc8fe1d0d72dd08a99a8830919781731\",\"name\":\"Canistella\",\"image\":{\"@type\":\"ImageObject\",\"inLanguage\":\"fr-FR\",\"@id\":\"https:\\\/\\\/secure.gravatar.com\\\/avatar\\\/3c724380374e98e8ca2dd04e43df21886581ff3c8e7e392dcc2699d7932858d0?s=96&d=mm&r=g\",\"url\":\"https:\\\/\\\/secure.gravatar.com\\\/avatar\\\/3c724380374e98e8ca2dd04e43df21886581ff3c8e7e392dcc2699d7932858d0?s=96&d=mm&r=g\",\"contentUrl\":\"https:\\\/\\\/secure.gravatar.com\\\/avatar\\\/3c724380374e98e8ca2dd04e43df21886581ff3c8e7e392dcc2699d7932858d0?s=96&d=mm&r=g\",\"caption\":\"Canistella\"},\"sameAs\":[\"http:\\\/\\\/canistella.fr\",\"https:\\\/\\\/www.facebook.com\\\/Canistella\",\"https:\\\/\\\/www.instagram.com\\\/canistellachienchat?fbclid=IwY2xjawHry49leHRuA2FlbQIxMAABHclOYTzo_4yXJ9kWJmclRCbCLjmA0kSkeQB0f05gDAJ8ojAfm6GwsOeKeQ_aem_W2PhQYzTaUfbMiO-HwfTmg#\",\"www.linkedin.com\\\/in\\\/estelle-aubry-197822134\"],\"url\":\"https:\\\/\\\/canistella.fr\\\/index.php\\\/author\\\/admin8186\\\/\"}]}<\/script>\n<!-- \/ Yoast SEO plugin. -->","yoast_head_json":{"title":"Ateliers sur le langage canin et le langage f\u00e9lin - Canistella","robots":{"index":"index","follow":"follow","max-snippet":"max-snippet:-1","max-image-preview":"max-image-preview:large","max-video-preview":"max-video-preview:-1"},"canonical":"https:\/\/canistella.fr\/index.php\/2025\/11\/24\/1704\/","og_locale":"fr_FR","og_type":"article","og_title":"Ateliers sur le langage canin et le langage f\u00e9lin - Canistella","og_description":"\u200b\ud83d\ude80 Mission accomplie ! Fin des ateliers \"A l'\u00e9coute de mon animal\" du 10 et 24 septembre 2025. \u200b\u2728 Merci \u00e0 la Conciergerie Solidaire d\u2019Arcachon de m'avoir invit\u00e9e \u00e0 animer les ateliers sur le langage des chiens puis sur le langage des chats. \ud83d\ude0d Merci aux participants, attentifs et indulgents, d'avoir rendu positive cette premi\u00e8re [&hellip;]","og_url":"https:\/\/canistella.fr\/index.php\/2025\/11\/24\/1704\/","og_site_name":"Canistella","article_author":"https:\/\/www.facebook.com\/Canistella","article_published_time":"2025-11-24T14:16:27+00:00","article_modified_time":"2025-11-24T14:20:07+00:00","og_image":[{"url":"https:\/\/static.xx.fbcdn.net\/images\/emoji.php\/v9\/t2f\/1\/16\/1f436.png","type":"","width":"","height":""}],"author":"Canistella","twitter_card":"summary_large_image","twitter_misc":{"\u00c9crit par":"Canistella","Dur\u00e9e de lecture estim\u00e9e":"2 minutes"},"schema":{"@context":"https:\/\/schema.org","@graph":[{"@type":"Article","@id":"https:\/\/canistella.fr\/index.php\/2025\/11\/24\/1704\/#article","isPartOf":{"@id":"https:\/\/canistella.fr\/index.php\/2025\/11\/24\/1704\/"},"author":{"name":"Canistella","@id":"https:\/\/canistella.fr\/#\/schema\/person\/cc8fe1d0d72dd08a99a8830919781731"},"headline":"Ateliers sur le langage canin et le langage f\u00e9lin","datePublished":"2025-11-24T14:16:27+00:00","dateModified":"2025-11-24T14:20:07+00:00","mainEntityOfPage":{"@id":"https:\/\/canistella.fr\/index.php\/2025\/11\/24\/1704\/"},"wordCount":341,"image":{"@id":"https:\/\/canistella.fr\/index.php\/2025\/11\/24\/1704\/#primaryimage"},"thumbnailUrl":"https:\/\/static.xx.fbcdn.net\/images\/emoji.php\/v9\/t2f\/1\/16\/1f436.png","inLanguage":"fr-FR"},{"@type":"WebPage","@id":"https:\/\/canistella.fr\/index.php\/2025\/11\/24\/1704\/","url":"https:\/\/canistella.fr\/index.php\/2025\/11\/24\/1704\/","name":"Ateliers sur le langage canin et le langage f\u00e9lin - Canistella","isPartOf":{"@id":"https:\/\/canistella.fr\/#website"},"primaryImageOfPage":{"@id":"https:\/\/canistella.fr\/index.php\/2025\/11\/24\/1704\/#primaryimage"},"image":{"@id":"https:\/\/canistella.fr\/index.php\/2025\/11\/24\/1704\/#primaryimage"},"thumbnailUrl":"https:\/\/static.xx.fbcdn.net\/images\/emoji.php\/v9\/t2f\/1\/16\/1f436.png","datePublished":"2025-11-24T14:16:27+00:00","dateModified":"2025-11-24T14:20:07+00:00","author":{"@id":"https:\/\/canistella.fr\/#\/schema\/person\/cc8fe1d0d72dd08a99a8830919781731"},"breadcrumb":{"@id":"https:\/\/canistella.fr\/index.php\/2025\/11\/24\/1704\/#breadcrumb"},"inLanguage":"fr-FR","potentialAction":[{"@type":"ReadAction","target":["https:\/\/canistella.fr\/index.php\/2025\/11\/24\/1704\/"]}]},{"@type":"ImageObject","inLanguage":"fr-FR","@id":"https:\/\/canistella.fr\/index.php\/2025\/11\/24\/1704\/#primaryimage","url":"https:\/\/static.xx.fbcdn.net\/images\/emoji.php\/v9\/t2f\/1\/16\/1f436.png","contentUrl":"https:\/\/static.xx.fbcdn.net\/images\/emoji.php\/v9\/t2f\/1\/16\/1f436.png"},{"@type":"BreadcrumbList","@id":"https:\/\/canistella.fr\/index.php\/2025\/11\/24\/1704\/#breadcrumb","itemListElement":[{"@type":"ListItem","position":1,"name":"Accueil","item":"https:\/\/canistella.fr\/"},{"@type":"ListItem","position":2,"name":"Ateliers sur le langage canin et le langage f\u00e9lin"}]},{"@type":"WebSite","@id":"https:\/\/canistella.fr\/#website","url":"https:\/\/canistella.fr\/","name":"Canistella","description":"Comportementaliste Canin et F\u00e9lin","potentialAction":[{"@type":"SearchAction","target":{"@type":"EntryPoint","urlTemplate":"https:\/\/canistella.fr\/?s={search_term_string}"},"query-input":{"@type":"PropertyValueSpecification","valueRequired":true,"valueName":"search_term_string"}}],"inLanguage":"fr-FR"},{"@type":"Person","@id":"https:\/\/canistella.fr\/#\/schema\/person\/cc8fe1d0d72dd08a99a8830919781731","name":"Canistella","image":{"@type":"ImageObject","inLanguage":"fr-FR","@id":"https:\/\/secure.gravatar.com\/avatar\/3c724380374e98e8ca2dd04e43df21886581ff3c8e7e392dcc2699d7932858d0?s=96&d=mm&r=g","url":"https:\/\/secure.gravatar.com\/avatar\/3c724380374e98e8ca2dd04e43df21886581ff3c8e7e392dcc2699d7932858d0?s=96&d=mm&r=g","contentUrl":"https:\/\/secure.gravatar.com\/avatar\/3c724380374e98e8ca2dd04e43df21886581ff3c8e7e392dcc2699d7932858d0?s=96&d=mm&r=g","caption":"Canistella"},"sameAs":["http:\/\/canistella.fr","https:\/\/www.facebook.com\/Canistella","https:\/\/www.instagram.com\/canistellachienchat?fbclid=IwY2xjawHry49leHRuA2FlbQIxMAABHclOYTzo_4yXJ9kWJmclRCbCLjmA0kSkeQB0f05gDAJ8ojAfm6GwsOeKeQ_aem_W2PhQYzTaUfbMiO-HwfTmg#","www.linkedin.com\/in\/estelle-aubry-197822134"],"url":"https:\/\/canistella.fr\/index.php\/author\/admin8186\/"}]}},"_links":{"self":[{"href":"https:\/\/canistella.fr\/index.php\/wp-json\/wp\/v2\/posts\/1704","targetHints":{"allow":["GET"]}}],"collection":[{"href":"https:\/\/canistella.fr\/index.php\/wp-json\/wp\/v2\/posts"}],"about":[{"href":"https:\/\/canistella.fr\/index.php\/wp-json\/wp\/v2\/types\/post"}],"author":[{"embeddable":true,"href":"https:\/\/canistella.fr\/index.php\/wp-json\/wp\/v2\/users\/1"}],"replies":[{"embeddable":true,"href":"https:\/\/canistella.fr\/index.php\/wp-json\/wp\/v2\/comments?post=1704"}],"version-history":[{"count":3,"href":"https:\/\/canistella.fr\/index.php\/wp-json\/wp\/v2\/posts\/1704\/revisions"}],"predecessor-version":[{"id":1713,"href":"https:\/\/canistella.fr\/index.php\/wp-json\/wp\/v2\/posts\/1704\/revisions\/1713"}],"wp:attachment":[{"href":"https:\/\/canistella.fr\/index.php\/wp-json\/wp\/v2\/media?parent=1704"}],"wp:term":[{"taxonomy":"category","embeddable":true,"href":"https:\/\/canistella.fr\/index.php\/wp-json\/wp\/v2\/categories?post=1704"},{"taxonomy":"post_tag","embeddable":true,"href":"https:\/\/canistella.fr\/index.php\/wp-json\/wp\/v2\/tags?post=1704"}],"curies":[{"name":"wp","href":"https:\/\/api.w.org\/{rel}","templated":true}]}}